[{"@context":"https:\/\/schema.org\/","@type":"Article","@id":"https:\/\/www.hux.sk\/vianoce-tak-trochu-inak\/#Article","mainEntityOfPage":"https:\/\/www.hux.sk\/vianoce-tak-trochu-inak\/","headline":"Vianoce tak trochu inak","name":"Vianoce tak trochu inak","description":"Vianoce som ako die\u0165a za\u017e\u00edvala v\u017edy dvakr\u00e1t. Raz doma s rodi\u010dmi a druh\u00fd kr\u00e1t so star\u00fdmi rodi\u010dmi na vidieku. Sl\u00e1vili sme toti\u017e Vianoce dvakr\u00e1t : Pod\u013ea Gregoriansk\u00e9ho kalend\u00e1ra Pod\u013ea Juliansk\u00e9ho kalend\u00e1ra Tie Vianoce u star\u00fdch rodi\u010dov boli v\u017edy \u00fa\u017easn\u00e9. S\u00edce bolo menej dar\u010dekov, ale mali in\u00fa pridan\u00fa hodnotu. Zi\u0161la sa tu v\u017edy cel\u00e1 ve\u013ek\u00e1 rodina [&hellip;]","datePublished":"2019-01-17","dateModified":"2023-04-27","author":{"@type":"Person","@id":"https:\/\/www.hux.sk\/author\/#Person","name":"","url":"https:\/\/www.hux.sk\/author\/","identifier":1,"image":{"@type":"ImageObject","@id":"https:\/\/secure.gravatar.com\/avatar\/53fcaa7178df0f37d30678446939b206ab1017330cccbc8c93b5efa33cddcf51?s=96&d=mm&r=g","url":"https:\/\/secure.gravatar.com\/avatar\/53fcaa7178df0f37d30678446939b206ab1017330cccbc8c93b5efa33cddcf51?s=96&d=mm&r=g","height":96,"width":96}},"publisher":{"@type":"Organization","name":"hux.sk","logo":{"@type":"ImageObject","@id":"\/logo.png","url":"\/logo.png","width":600,"height":60}},"image":{"@type":"ImageObject","@id":"https:\/\/www.hux.sk\/wp-content\/uploads\/img_a296283_w16679_t1548952114.jpg","url":"https:\/\/www.hux.sk\/wp-content\/uploads\/img_a296283_w16679_t1548952114.jpg","height":0,"width":0},"url":"https:\/\/www.hux.sk\/vianoce-tak-trochu-inak\/","about":["Z\u00e1bava"],"wordCount":402,"articleBody":" Vianoce som ako die\u0165a za\u017e\u00edvala v\u017edy dvakr\u00e1t. Raz doma s rodi\u010dmi a druh\u00fd kr\u00e1t so star\u00fdmi rodi\u010dmi na vidieku. Sl\u00e1vili sme toti\u017e Vianoce dvakr\u00e1t : Pod\u013ea Gregoriansk\u00e9ho kalend\u00e1ra Pod\u013ea Juliansk\u00e9ho kalend\u00e1ra Tie Vianoce u star\u00fdch rodi\u010dov boli v\u017edy \u00fa\u017easn\u00e9. S\u00edce bolo menej dar\u010dekov, ale mali in\u00fa pridan\u00fa hodnotu. Zi\u0161la sa tu v\u017edy cel\u00e1 ve\u013ek\u00e1 rodina v plnom po\u010dte. V\u0161etky tety, ujovia, sesternice, bratranci. Dedko musel vyrobi\u0165 dlh\u00e9 dreven\u00e9 lavice, aby sme sa tam v\u0161etci pomestili. Od r\u00e1na sme sa tam v\u0161etci zi\u0161li. Spolo\u010dne sa varila kapustnica, m\u00e1\u010danka, piekli sa bob\u00e1\u013eky. Za jedn\u00fdmi zamknut\u00fdmi dverami st\u00e1l strom\u010dek. Ako deti sme to tu\u0161ili, no nik z n\u00e1s nemal k\u013e\u00fa\u010d od \u010darovnej miestnosti- iba babi\u010dka. T\u00e1 ho veru starostlivo str\u00e1\u017eila ako oko v hlave. V\u017edy na tieto sviatky tu bolo ako z\u00e1zrakom plno snehu. Cenc\u00fale viseli zo striech dlh\u00e9 h\u00e1dam aj pol metra. Snehov\u00e1 perina pokr\u00fdvala drevenice v dedine. Po poliach sa leskla snehov\u00e1 prikr\u00fdvka s odtla\u010dkami n\u00f4h vt\u00e1\u010dikov a lesn\u00fdch zvierat. Ni\u010d nebolo kraj\u0161ie nikdy v \u017eivote ako poh\u013ead na t\u00fato dedinu. Dopoludnia sme sa s\u00e1nkovali na vreciach naplnen\u00fdch slamou. Sane boli iba jedny, n\u00e1s deti h\u00e1dam 20. Ka\u017ed\u00fd sa t\u00fa\u017eil spusti\u0165 dole kopcom. Zmrznut\u00ed, \u0161\u0165astn\u00ed sme netrpezlivo \u010dakali pr\u00edchod ve\u010dera. Z okna sme vykukovali- kedy sa to v\u0161etko za\u010dne. Z druh\u00e9ho konca dediny sa u\u017e oz\u00fdval zvon\u010dek. P\u00e1n far\u00e1r s pomocn\u00edkmi za\u010dal rad radom obch\u00e1dza\u0165 jednotliv\u00e9 dom\u010deky a prin\u00e1\u0161a\u0165 bo\u017eie svetlo. Vtedy babka otvorila \u010darovn\u00fa izbu a p\u00e1n far\u00e1r zasvietil obrovsk\u00fd strom\u010dek. Pomodlili sme sa a potom odtrhol zo strom\u010deka doma vyr\u00e1ban\u00e9 \u010dokol\u00e1dov\u00e9 ozdoby a rozdal ich n\u00e1m de\u0165om so slovami \u201eChristos ra\u017edajetsia!\u201c My sme poslu\u0161ne povedali : \u201eSlavime joho !\u201c Toto malo tak\u00e9 nesmierne \u010daro, \u017ee sa mi zd\u00e1 ka\u017ed\u00fdm rokom d\u00f4le\u017eitej\u0161\u00edm a kraj\u0161\u00edm. Neviem \u010di si v\u0161etko pam\u00e4t\u00e1m presne. Nech mi je odpusten\u00e9 ak som nie\u010do zabudla. Podstatn\u00e9 ale je, \u017ee to boli moje naj\u00fa\u017easnej\u0161ie Vianoce.                                                                                                                                                                                                                                                                                                                                                                                        4.6\/5 - (10 votes)        "},{"@context":"https:\/\/schema.org\/","@type":"BreadcrumbList","itemListElement":[{"@type":"ListItem","position":1,"name":"Vianoce tak trochu inak","item":"https:\/\/www.hux.sk\/vianoce-tak-trochu-inak\/#breadcrumbitem"}]}]