[{"@context":"https:\/\/schema.org\/","@type":"Article","@id":"https:\/\/www.hux.sk\/obedy-zdarma-pre-deti-sa-od-januara-stanu-realitou\/#Article","mainEntityOfPage":"https:\/\/www.hux.sk\/obedy-zdarma-pre-deti-sa-od-januara-stanu-realitou\/","headline":"Obedy zdarma pre deti sa od janu\u00e1ra stan\u00fa realitou","name":"Obedy zdarma pre deti sa od janu\u00e1ra stan\u00fa realitou","description":"Prezident Andrej Kiska podp\u00edsal noveliz\u00e1ciu z\u00e1kona o\u00a0dot\u00e1ci\u00e1ch v\u00a0p\u00f4sobnosti ministerstva pr\u00e1ce, soci\u00e1lnych vec\u00ed a\u00a0rodiny pod\u013ea ktorej bud\u00fa ma\u0165 \u017eiaci posledn\u00e9ho ro\u010dn\u00edka z\u00e1kladn\u00fdch \u0161k\u00f4l zabezpe\u010den\u00fd bezplatn\u00fd obed od janu\u00e1ra dvetis\u00edc dev\u00e4tn\u00e1s\u0165 a\u00a0deti na z\u00e1kladn\u00fdch \u0161kol\u00e1ch od septembra. Poslanci koali\u010dnej strany SMER \u2013 SD potvrdili, \u017ee dot\u00e1cia bude predstavova\u0165 euro aj dvadsa\u0165 centov na jedno die\u0165a na de\u0148, [&hellip;]","datePublished":"2018-10-16","dateModified":"2023-04-27","author":{"@type":"Person","@id":"https:\/\/www.hux.sk\/author\/#Person","name":"","url":"https:\/\/www.hux.sk\/author\/","identifier":1,"image":{"@type":"ImageObject","@id":"https:\/\/secure.gravatar.com\/avatar\/53fcaa7178df0f37d30678446939b206ab1017330cccbc8c93b5efa33cddcf51?s=96&d=mm&r=g","url":"https:\/\/secure.gravatar.com\/avatar\/53fcaa7178df0f37d30678446939b206ab1017330cccbc8c93b5efa33cddcf51?s=96&d=mm&r=g","height":96,"width":96}},"publisher":{"@type":"Organization","name":"hux.sk","logo":{"@type":"ImageObject","@id":"\/logo.png","url":"\/logo.png","width":600,"height":60}},"image":{"@type":"ImageObject","@id":"https:\/\/www.hux.sk\/wp-content\/uploads\/img_a294607_w16679_t1544969287.png","url":"https:\/\/www.hux.sk\/wp-content\/uploads\/img_a294607_w16679_t1544969287.png","height":0,"width":0},"url":"https:\/\/www.hux.sk\/obedy-zdarma-pre-deti-sa-od-januara-stanu-realitou\/","about":["Domov"],"wordCount":370,"articleBody":"Prezident Andrej Kiska podp\u00edsal noveliz\u00e1ciu z\u00e1kona o\u00a0dot\u00e1ci\u00e1ch v\u00a0p\u00f4sobnosti ministerstva pr\u00e1ce, soci\u00e1lnych vec\u00ed a\u00a0rodiny pod\u013ea ktorej bud\u00fa ma\u0165 \u017eiaci posledn\u00e9ho ro\u010dn\u00edka z\u00e1kladn\u00fdch \u0161k\u00f4l zabezpe\u010den\u00fd bezplatn\u00fd obed od janu\u00e1ra dvetis\u00edc dev\u00e4tn\u00e1s\u0165 a\u00a0deti na z\u00e1kladn\u00fdch \u0161kol\u00e1ch od septembra. Poslanci koali\u010dnej strany SMER \u2013 SD potvrdili, \u017ee dot\u00e1cia bude predstavova\u0165 euro aj dvadsa\u0165 centov na jedno die\u0165a na de\u0148, kedy sa podujalo na v\u00fdchovno-vzdel\u00e1vacej \u010dinnosti alebo na vyu\u010dovan\u00ed a\u00a0prijalo obed. \u0160t\u00e1t do tohto ro\u010dne vlo\u017e\u00ed osemdesiat a\u017e stodvadsa\u0165 mili\u00f3nov eur.\u010co je vlastne \u00fa\u010delom tohto opatrenia? Autori z\u00e1kona maj\u00fa v pl\u00e1ne nielen zamedzi\u0165 plytvaniu potravinami, ale v\u00a0kone\u010dnom d\u00f4sledku podnieti\u0165 rodi\u010dov k\u00a0zodpovednej\u0161iemu pr\u00edstupu k\u00a0v\u00fd\u017eive a\u00a0v\u00fdchove svojich det\u00ed. Toto opatrenie pova\u017euj\u00fa za dostato\u010dne u\u017eito\u010dn\u00e9 nakladanie prostriedkami \u0161t\u00e1tneho rozpo\u010dtu.\u0160t\u00e1t navy\u0161e pris\u013e\u00fabil obciam dot\u00e1cie na v\u0161etko technick\u00e9 a\u00a0person\u00e1lne zabezpe\u010denie pre realiz\u00e1ciu tohto projektu. Zlep\u0161enie technick\u00e9ho vybavenia jed\u00e1ln\u00ed by malo st\u00e1\u0165 dva mili\u00f3ny eur. Ako chce vl\u00e1da pom\u00f4c\u0165 oh\u013eadom probl\u00e9mov so zabezpe\u010den\u00edm dostatku pracovn\u00edkov v\u00a0jed\u00e1l\u0148ach? SMER chce roz\u0161\u00edri\u0165 stavy zamestnancov v\u00a0\u0161kolsk\u00fdch stravovac\u00edch zariadeniach o\u00a0pribli\u017ene tis\u00edc os\u00f4b pracuj\u00facich v\u00a0poz\u00edcii pomocn\u00e9 pracovn\u00e9 sily v\u00a0jed\u00e1l\u0148ach. Ministerstvo pr\u00e1ce zabezpe\u010d\u00ed ich plat a\u00a0vy\u010dlen\u00ed \u0161es\u0165desiat eur na technick\u00e9 vybavenie pre ka\u017ed\u00fa osobu.Ak\u00fd toto bude ma\u0165 d\u00f4sledok? Na prv\u00fd poh\u013ead znie tento n\u00e1pad \u00fa\u017easne, ale otv\u00e1ra \u010fal\u0161ie ot\u00e1zky. Naozaj sta\u010d\u00ed na plnohodnotn\u00fd obed pozost\u00e1vaj\u00faci z\u00a0polievky, hlavn\u00e9ho jedla a\u00a0n\u00e1poja pre jedno die\u0165a iba euro dvadsa\u0165? Neodraz\u00ed sa to na kvalite pon\u00fakan\u00fdch jed\u00e1l? St\u00e1le si neviem predstavi\u0165, ako sa z\u00a0tohto nas\u00fdtia \u0161trn\u00e1s\u0165ro\u010dn\u00ed deviataci. Som si ist\u00fd, \u017ee \u010das uk\u00e1\u017ee, ako sa vl\u00e1da vysporiada s\u00a0nast\u00e1vaj\u00facimi mo\u017en\u00fdmi nedostatkami tohto opatrenia.                                                                                                                                                                                                                                                                                                                                                                                        4.8\/5 - (6 votes)        "},{"@context":"https:\/\/schema.org\/","@type":"BreadcrumbList","itemListElement":[{"@type":"ListItem","position":1,"name":"Obedy zdarma pre deti sa od janu\u00e1ra stan\u00fa realitou","item":"https:\/\/www.hux.sk\/obedy-zdarma-pre-deti-sa-od-januara-stanu-realitou\/#breadcrumbitem"}]}]